{"id":8434,"date":"2022-11-08T09:57:37","date_gmt":"2022-11-08T09:57:37","guid":{"rendered":"https:\/\/uimt.org.tr\/?p=8434"},"modified":"2023-04-12T09:24:35","modified_gmt":"2023-04-12T09:24:35","slug":"kick-off-meeting-for-the-strengthening-intermodal-transport-services-in-turkish-railway-sector-project-was-held","status":"publish","type":"post","link":"https:\/\/uimt.org.tr\/en\/kick-off-meeting-for-the-strengthening-intermodal-transport-services-in-turkish-railway-sector-project-was-held\/","title":{"rendered":"Kick-off Meeting for the \u201cStrengthening Intermodal Transport Services in Turkish Railway Sector\u201d Project was held"},"content":{"rendered":"<section class=\"l-section wpb_row height_custom\"><div class=\"l-section-h i-cf\"><div class=\"g-cols vc_row via_grid cols_1 laptops-cols_inherit tablets-cols_inherit mobiles-cols_1 valign_top type_default stacking_default\"><div class=\"wpb_column vc_column_container\"><div class=\"vc_column-inner\"><div class=\"wpb_text_column\"><div class=\"wpb_wrapper\"><p><span style=\"font-weight: 400;\">Kick-off Meeting for the \u201cStrengthening Intermodal Transport Services in Turkish Railway Sector\u201d Project was held<\/span><\/p>\n<p><span style=\"font-weight: 400;\">The kick-off meeting of the \u201cStrengthening Intermodal Transport Services in the Turkish Railway Sector Project\u201d, which will be carried out under the Sectoral Operational Program for Transport (USOP), was held on 18 October 2022 with the participation of senior officials from the Ministry of Transport and Infrastructure, the Delegation of the EU to T\u00fcrkiye and the Contractor Consortium. The opening speeches of the meeting, hosted by the Strategy Development of the Ministry of Transport and Infrastructure, were made by Burak AYKAN, Director General of EU and Foreign Relations, Yunus Emre AY\u00d6ZEN (PhD), Director of the Strategy Development Directorate and G\u00f6ktu\u011f KARA, Delegation of the EU to T\u00fcrkiye Transport Sector Manager.<\/span><\/p>\n<p><span style=\"font-weight: 400;\">At the meeting where the details about the project implementation were shared, Mr Levent ERGEN, General Manager of the consortium leader, Team Leader Mr Salvatore D&#8217;ALFONSO and transportation economist Mr Tom KENNEDY made their presentations on behalf of the Consortium. The commencement date of the project was set as October 24<\/span><span style=\"font-weight: 400;\">th<\/span><span style=\"font-weight: 400;\"> 2022.<\/span><\/p>\n<p><span style=\"font-weight: 400;\">Tijen \u0130\u011eCI (PhD), the Head of Department for EU Investments and Demet CAVCAV (PhD), the Head of Transport Planning Department also participated the meeting.<\/span><\/p>\n<\/div><\/div><\/div><\/div><\/div><\/div><\/section>\n","protected":false},"excerpt":{"rendered":"Kick-off Meeting for the \u201cStrengthening Intermodal Transport Services in Turkish Railway Sector\u201d Project was held The kick-off meeting of the \u201cStrengthening Intermodal Transport Services in the Turkish Railway Sector Project\u201d, which will be carried out under the Sectoral Operational Program for Transport (USOP), was held on 18 October 2022 with the participation of senior officials...","protected":false},"author":2,"featured_media":8409,"comment_status":"closed","ping_status":"open","sticky":false,"template":"","format":"standard","meta":[],"categories":[17],"tags":[],"_links":{"self":[{"href":"https:\/\/uimt.org.tr\/en\/wp-json\/wp\/v2\/posts\/8434"}],"collection":[{"href":"https:\/\/uimt.org.tr\/en\/wp-json\/wp\/v2\/posts"}],"about":[{"href":"https:\/\/uimt.org.tr\/en\/wp-json\/wp\/v2\/types\/post"}],"author":[{"embeddable":true,"href":"https:\/\/uimt.org.tr\/en\/wp-json\/wp\/v2\/users\/2"}],"replies":[{"embeddable":true,"href":"https:\/\/uimt.org.tr\/en\/wp-json\/wp\/v2\/comments?post=8434"}],"version-history":[{"count":3,"href":"https:\/\/uimt.org.tr\/en\/wp-json\/wp\/v2\/posts\/8434\/revisions"}],"predecessor-version":[{"id":8437,"href":"https:\/\/uimt.org.tr\/en\/wp-json\/wp\/v2\/posts\/8434\/revisions\/8437"}],"wp:featuredmedia":[{"embeddable":true,"href":"https:\/\/uimt.org.tr\/en\/wp-json\/wp\/v2\/media\/8409"}],"wp:attachment":[{"href":"https:\/\/uimt.org.tr\/en\/wp-json\/wp\/v2\/media?parent=8434"}],"wp:term":[{"taxonomy":"category","embeddable":true,"href":"https:\/\/uimt.org.tr\/en\/wp-json\/wp\/v2\/categories?post=8434"},{"taxonomy":"post_tag","embeddable":true,"href":"https:\/\/uimt.org.tr\/en\/wp-json\/wp\/v2\/tags?post=8434"}],"curies":[{"name":"wp","href":"https:\/\/api.w.org\/{rel}","templated":true}]}}